{"id":6005,"date":"2015-08-04T05:00:57","date_gmt":"2015-08-04T05:00:57","guid":{"rendered":"https:\/\/escobarsl.com\/\/aigua-mes-calenta-a-lestiu\/"},"modified":"2015-08-04T05:00:57","modified_gmt":"2015-08-04T05:00:57","slug":"aigua-mes-calenta-a-lestiu","status":"publish","type":"post","link":"https:\/\/escobarsl.com\/ca\/aigua-mes-calenta-a-lestiu\/","title":{"rendered":"Aigua m\u00e9s calenta a l&#8217;estiu"},"content":{"rendered":"<p>Ens agrada resoldre <strong>els dubtes m\u00e9s b\u00e0sics<\/strong> que mai ens hem atrevit a preguntar o no hem trobat a ning\u00fa que tingui la soluci\u00f3. Avui us expliquem <strong>per qu\u00e8 a l&#8217;estiu quan donem a l&#8217;aixeta perqu\u00e8 surti aigua freda surt temperada o calenta<\/strong> en primera inst\u00e0ncia.<\/p>\n<p>L&#8217;explicaci\u00f3 \u00e9s m\u00e9s simple del que podem esperar. El sol escalfa la terra que al seu torn mant\u00e9 la temperatura. Les canonades al no estar a grans profunditats del s\u00f2l agafen la calor de la terra i fan d&#8217;escalfador per a l&#8217;aigua estancada en aquell moment.<br \/>\nPer aquest motiu, a l&#8217;estiu hem de deixar circular uns segons l&#8217;aigua perqu\u00e8 surti realment freda.<\/p>\n<p>Per a no malgastar, pots tenir a m\u00e0 una garrafa per emmagatzemar aquesta aigua i utilitzar-la per regar, cuinar o altres utilitats.<\/p>\n","protected":false},"excerpt":{"rendered":"<p>Ens agrada resoldre els dubtes m\u00e9s b\u00e0sics que mai ens hem atrevit a preguntar o no hem trobat a ning\u00fa que tingui la soluci\u00f3. Avui us expliquem per qu\u00e8 a l&#8217;estiu quan donem a l&#8217;aixeta perqu\u00e8 surti aigua freda surt&#8230;<\/p>\n","protected":false},"author":1,"featured_media":5811,"comment_status":"open","ping_status":"open","sticky":false,"template":"","format":"standard","meta":{"footnotes":""},"categories":[1],"tags":[],"class_list":["post-6005","post","type-post","status-publish","format-standard","has-post-thumbnail","hentry","category-sin-categorizar"],"yoast_head":"<!-- This site is optimized with the Yoast SEO plugin v26.8 - https:\/\/yoast.com\/product\/yoast-seo-wordpress\/ -->\n<title>Aigua m\u00e9s calenta a l&#039;estiu - Escobar SL<\/title>\n<meta name=\"robots\" content=\"index, follow, max-snippet:-1, max-image-preview:large, max-video-preview:-1\" \/>\n<link rel=\"canonical\" href=\"https:\/\/escobarsl.com\/ca\/aigua-mes-calenta-a-lestiu\/\" \/>\n<meta property=\"og:locale\" content=\"ca_ES\" \/>\n<meta property=\"og:type\" content=\"article\" \/>\n<meta property=\"og:title\" content=\"Aigua m\u00e9s calenta a l&#039;estiu - Escobar SL\" \/>\n<meta property=\"og:description\" content=\"Ens agrada resoldre els dubtes m\u00e9s b\u00e0sics que mai ens hem atrevit a preguntar o no hem trobat a ning\u00fa que tingui la soluci\u00f3. Avui us expliquem per qu\u00e8 a l&#8217;estiu quan donem a l&#8217;aixeta perqu\u00e8 surti aigua freda surt...\" \/>\n<meta property=\"og:url\" content=\"https:\/\/escobarsl.com\/ca\/aigua-mes-calenta-a-lestiu\/\" \/>\n<meta property=\"og:site_name\" content=\"Escobar SL\" \/>\n<meta property=\"article:published_time\" content=\"2015-08-04T05:00:57+00:00\" \/>\n<meta property=\"og:image\" content=\"https:\/\/escobarsl.com\/wp-content\/uploads\/2015\/08\/Aigua-Aixeta.jpg\" \/>\n<meta name=\"author\" content=\"alpha\" \/>\n<meta name=\"twitter:card\" content=\"summary_large_image\" \/>\n<meta name=\"twitter:image\" content=\"https:\/\/escobarsl.com\/wp-content\/uploads\/2015\/08\/Aigua-Aixeta.jpg\" \/>\n<meta name=\"twitter:label1\" content=\"Escrit per\" \/>\n\t<meta name=\"twitter:data1\" content=\"alpha\" \/>\n\t<meta name=\"twitter:label2\" content=\"Temps estimat de lectura\" \/>\n\t<meta name=\"twitter:data2\" content=\"1 minut\" \/>\n<script type=\"application\/ld+json\" class=\"yoast-schema-graph\">{\"@context\":\"https:\/\/schema.org\",\"@graph\":[{\"@type\":\"Article\",\"@id\":\"https:\/\/escobarsl.com\/ca\/aigua-mes-calenta-a-lestiu\/#article\",\"isPartOf\":{\"@id\":\"https:\/\/escobarsl.com\/ca\/aigua-mes-calenta-a-lestiu\/\"},\"author\":{\"name\":\"alpha\",\"@id\":\"https:\/\/escobarsl.com\/ca\/#\/schema\/person\/f0cbc8863aa78e80f51d6051ccc0ed6d\"},\"headline\":\"Aigua m\u00e9s calenta a l&#8217;estiu\",\"datePublished\":\"2015-08-04T05:00:57+00:00\",\"mainEntityOfPage\":{\"@id\":\"https:\/\/escobarsl.com\/ca\/aigua-mes-calenta-a-lestiu\/\"},\"wordCount\":149,\"commentCount\":0,\"image\":{\"@id\":\"https:\/\/escobarsl.com\/ca\/aigua-mes-calenta-a-lestiu\/#primaryimage\"},\"thumbnailUrl\":\"https:\/\/escobarsl.com\/wp-content\/uploads\/2015\/08\/Aigua-Aixeta.jpg\",\"articleSection\":[\"Sin categorizar\"],\"inLanguage\":\"ca\",\"potentialAction\":[{\"@type\":\"CommentAction\",\"name\":\"Comment\",\"target\":[\"https:\/\/escobarsl.com\/ca\/aigua-mes-calenta-a-lestiu\/#respond\"]}]},{\"@type\":\"WebPage\",\"@id\":\"https:\/\/escobarsl.com\/ca\/aigua-mes-calenta-a-lestiu\/\",\"url\":\"https:\/\/escobarsl.com\/ca\/aigua-mes-calenta-a-lestiu\/\",\"name\":\"Aigua m\u00e9s calenta a l'estiu - Escobar SL\",\"isPartOf\":{\"@id\":\"https:\/\/escobarsl.com\/ca\/#website\"},\"primaryImageOfPage\":{\"@id\":\"https:\/\/escobarsl.com\/ca\/aigua-mes-calenta-a-lestiu\/#primaryimage\"},\"image\":{\"@id\":\"https:\/\/escobarsl.com\/ca\/aigua-mes-calenta-a-lestiu\/#primaryimage\"},\"thumbnailUrl\":\"https:\/\/escobarsl.com\/wp-content\/uploads\/2015\/08\/Aigua-Aixeta.jpg\",\"datePublished\":\"2015-08-04T05:00:57+00:00\",\"author\":{\"@id\":\"https:\/\/escobarsl.com\/ca\/#\/schema\/person\/f0cbc8863aa78e80f51d6051ccc0ed6d\"},\"breadcrumb\":{\"@id\":\"https:\/\/escobarsl.com\/ca\/aigua-mes-calenta-a-lestiu\/#breadcrumb\"},\"inLanguage\":\"ca\",\"potentialAction\":[{\"@type\":\"ReadAction\",\"target\":[\"https:\/\/escobarsl.com\/ca\/aigua-mes-calenta-a-lestiu\/\"]}]},{\"@type\":\"ImageObject\",\"inLanguage\":\"ca\",\"@id\":\"https:\/\/escobarsl.com\/ca\/aigua-mes-calenta-a-lestiu\/#primaryimage\",\"url\":\"https:\/\/escobarsl.com\/wp-content\/uploads\/2015\/08\/Aigua-Aixeta.jpg\",\"contentUrl\":\"https:\/\/escobarsl.com\/wp-content\/uploads\/2015\/08\/Aigua-Aixeta.jpg\",\"width\":800,\"height\":600},{\"@type\":\"BreadcrumbList\",\"@id\":\"https:\/\/escobarsl.com\/ca\/aigua-mes-calenta-a-lestiu\/#breadcrumb\",\"itemListElement\":[{\"@type\":\"ListItem\",\"position\":1,\"name\":\"Portada\",\"item\":\"https:\/\/escobarsl.com\/ca\/\"},{\"@type\":\"ListItem\",\"position\":2,\"name\":\"Aigua m\u00e9s calenta a l&#8217;estiu\"}]},{\"@type\":\"WebSite\",\"@id\":\"https:\/\/escobarsl.com\/ca\/#website\",\"url\":\"https:\/\/escobarsl.com\/ca\/\",\"name\":\"Escobar SL\",\"description\":\"Neteges Escobar\",\"potentialAction\":[{\"@type\":\"SearchAction\",\"target\":{\"@type\":\"EntryPoint\",\"urlTemplate\":\"https:\/\/escobarsl.com\/ca\/?s={search_term_string}\"},\"query-input\":{\"@type\":\"PropertyValueSpecification\",\"valueRequired\":true,\"valueName\":\"search_term_string\"}}],\"inLanguage\":\"ca\"},{\"@type\":\"Person\",\"@id\":\"https:\/\/escobarsl.com\/ca\/#\/schema\/person\/f0cbc8863aa78e80f51d6051ccc0ed6d\",\"name\":\"alpha\",\"image\":{\"@type\":\"ImageObject\",\"inLanguage\":\"ca\",\"@id\":\"https:\/\/escobarsl.com\/ca\/#\/schema\/person\/image\/\",\"url\":\"https:\/\/secure.gravatar.com\/avatar\/a196373eedee5240fe103731183647eac29ee84528ecd7848a1a634242d19b8b?s=96&d=mm&r=g\",\"contentUrl\":\"https:\/\/secure.gravatar.com\/avatar\/a196373eedee5240fe103731183647eac29ee84528ecd7848a1a634242d19b8b?s=96&d=mm&r=g\",\"caption\":\"alpha\"},\"sameAs\":[\"https:\/\/escobarsl.com\/\"],\"url\":\"https:\/\/escobarsl.com\/ca\/author\/alpha\/\"}]}<\/script>\n<!-- \/ Yoast SEO plugin. -->","yoast_head_json":{"title":"Aigua m\u00e9s calenta a l'estiu - Escobar SL","robots":{"index":"index","follow":"follow","max-snippet":"max-snippet:-1","max-image-preview":"max-image-preview:large","max-video-preview":"max-video-preview:-1"},"canonical":"https:\/\/escobarsl.com\/ca\/aigua-mes-calenta-a-lestiu\/","og_locale":"ca_ES","og_type":"article","og_title":"Aigua m\u00e9s calenta a l'estiu - Escobar SL","og_description":"Ens agrada resoldre els dubtes m\u00e9s b\u00e0sics que mai ens hem atrevit a preguntar o no hem trobat a ning\u00fa que tingui la soluci\u00f3. Avui us expliquem per qu\u00e8 a l&#8217;estiu quan donem a l&#8217;aixeta perqu\u00e8 surti aigua freda surt...","og_url":"https:\/\/escobarsl.com\/ca\/aigua-mes-calenta-a-lestiu\/","og_site_name":"Escobar SL","article_published_time":"2015-08-04T05:00:57+00:00","og_image":[{"url":"https:\/\/escobarsl.com\/wp-content\/uploads\/2015\/08\/Aigua-Aixeta.jpg","type":"","width":"","height":""}],"author":"alpha","twitter_card":"summary_large_image","twitter_image":"https:\/\/escobarsl.com\/wp-content\/uploads\/2015\/08\/Aigua-Aixeta.jpg","twitter_misc":{"Escrit per":"alpha","Temps estimat de lectura":"1 minut"},"schema":{"@context":"https:\/\/schema.org","@graph":[{"@type":"Article","@id":"https:\/\/escobarsl.com\/ca\/aigua-mes-calenta-a-lestiu\/#article","isPartOf":{"@id":"https:\/\/escobarsl.com\/ca\/aigua-mes-calenta-a-lestiu\/"},"author":{"name":"alpha","@id":"https:\/\/escobarsl.com\/ca\/#\/schema\/person\/f0cbc8863aa78e80f51d6051ccc0ed6d"},"headline":"Aigua m\u00e9s calenta a l&#8217;estiu","datePublished":"2015-08-04T05:00:57+00:00","mainEntityOfPage":{"@id":"https:\/\/escobarsl.com\/ca\/aigua-mes-calenta-a-lestiu\/"},"wordCount":149,"commentCount":0,"image":{"@id":"https:\/\/escobarsl.com\/ca\/aigua-mes-calenta-a-lestiu\/#primaryimage"},"thumbnailUrl":"https:\/\/escobarsl.com\/wp-content\/uploads\/2015\/08\/Aigua-Aixeta.jpg","articleSection":["Sin categorizar"],"inLanguage":"ca","potentialAction":[{"@type":"CommentAction","name":"Comment","target":["https:\/\/escobarsl.com\/ca\/aigua-mes-calenta-a-lestiu\/#respond"]}]},{"@type":"WebPage","@id":"https:\/\/escobarsl.com\/ca\/aigua-mes-calenta-a-lestiu\/","url":"https:\/\/escobarsl.com\/ca\/aigua-mes-calenta-a-lestiu\/","name":"Aigua m\u00e9s calenta a l'estiu - Escobar SL","isPartOf":{"@id":"https:\/\/escobarsl.com\/ca\/#website"},"primaryImageOfPage":{"@id":"https:\/\/escobarsl.com\/ca\/aigua-mes-calenta-a-lestiu\/#primaryimage"},"image":{"@id":"https:\/\/escobarsl.com\/ca\/aigua-mes-calenta-a-lestiu\/#primaryimage"},"thumbnailUrl":"https:\/\/escobarsl.com\/wp-content\/uploads\/2015\/08\/Aigua-Aixeta.jpg","datePublished":"2015-08-04T05:00:57+00:00","author":{"@id":"https:\/\/escobarsl.com\/ca\/#\/schema\/person\/f0cbc8863aa78e80f51d6051ccc0ed6d"},"breadcrumb":{"@id":"https:\/\/escobarsl.com\/ca\/aigua-mes-calenta-a-lestiu\/#breadcrumb"},"inLanguage":"ca","potentialAction":[{"@type":"ReadAction","target":["https:\/\/escobarsl.com\/ca\/aigua-mes-calenta-a-lestiu\/"]}]},{"@type":"ImageObject","inLanguage":"ca","@id":"https:\/\/escobarsl.com\/ca\/aigua-mes-calenta-a-lestiu\/#primaryimage","url":"https:\/\/escobarsl.com\/wp-content\/uploads\/2015\/08\/Aigua-Aixeta.jpg","contentUrl":"https:\/\/escobarsl.com\/wp-content\/uploads\/2015\/08\/Aigua-Aixeta.jpg","width":800,"height":600},{"@type":"BreadcrumbList","@id":"https:\/\/escobarsl.com\/ca\/aigua-mes-calenta-a-lestiu\/#breadcrumb","itemListElement":[{"@type":"ListItem","position":1,"name":"Portada","item":"https:\/\/escobarsl.com\/ca\/"},{"@type":"ListItem","position":2,"name":"Aigua m\u00e9s calenta a l&#8217;estiu"}]},{"@type":"WebSite","@id":"https:\/\/escobarsl.com\/ca\/#website","url":"https:\/\/escobarsl.com\/ca\/","name":"Escobar SL","description":"Neteges Escobar","potentialAction":[{"@type":"SearchAction","target":{"@type":"EntryPoint","urlTemplate":"https:\/\/escobarsl.com\/ca\/?s={search_term_string}"},"query-input":{"@type":"PropertyValueSpecification","valueRequired":true,"valueName":"search_term_string"}}],"inLanguage":"ca"},{"@type":"Person","@id":"https:\/\/escobarsl.com\/ca\/#\/schema\/person\/f0cbc8863aa78e80f51d6051ccc0ed6d","name":"alpha","image":{"@type":"ImageObject","inLanguage":"ca","@id":"https:\/\/escobarsl.com\/ca\/#\/schema\/person\/image\/","url":"https:\/\/secure.gravatar.com\/avatar\/a196373eedee5240fe103731183647eac29ee84528ecd7848a1a634242d19b8b?s=96&d=mm&r=g","contentUrl":"https:\/\/secure.gravatar.com\/avatar\/a196373eedee5240fe103731183647eac29ee84528ecd7848a1a634242d19b8b?s=96&d=mm&r=g","caption":"alpha"},"sameAs":["https:\/\/escobarsl.com\/"],"url":"https:\/\/escobarsl.com\/ca\/author\/alpha\/"}]}},"_links":{"self":[{"href":"https:\/\/escobarsl.com\/ca\/wp-json\/wp\/v2\/posts\/6005","targetHints":{"allow":["GET"]}}],"collection":[{"href":"https:\/\/escobarsl.com\/ca\/wp-json\/wp\/v2\/posts"}],"about":[{"href":"https:\/\/escobarsl.com\/ca\/wp-json\/wp\/v2\/types\/post"}],"author":[{"embeddable":true,"href":"https:\/\/escobarsl.com\/ca\/wp-json\/wp\/v2\/users\/1"}],"replies":[{"embeddable":true,"href":"https:\/\/escobarsl.com\/ca\/wp-json\/wp\/v2\/comments?post=6005"}],"version-history":[{"count":0,"href":"https:\/\/escobarsl.com\/ca\/wp-json\/wp\/v2\/posts\/6005\/revisions"}],"wp:featuredmedia":[{"embeddable":true,"href":"https:\/\/escobarsl.com\/ca\/wp-json\/wp\/v2\/media\/5811"}],"wp:attachment":[{"href":"https:\/\/escobarsl.com\/ca\/wp-json\/wp\/v2\/media?parent=6005"}],"wp:term":[{"taxonomy":"category","embeddable":true,"href":"https:\/\/escobarsl.com\/ca\/wp-json\/wp\/v2\/categories?post=6005"},{"taxonomy":"post_tag","embeddable":true,"href":"https:\/\/escobarsl.com\/ca\/wp-json\/wp\/v2\/tags?post=6005"}],"curies":[{"name":"wp","href":"https:\/\/api.w.org\/{rel}","templated":true}]}}