{"id":5897,"date":"2020-10-22T14:53:07","date_gmt":"2020-10-22T14:53:07","guid":{"rendered":"https:\/\/escobarsl.com\/\/com-podem-evitar-que-la-factura-del-gas-es-dispari-per-la-calefaccio\/"},"modified":"2020-10-22T14:53:07","modified_gmt":"2020-10-22T14:53:07","slug":"com-podem-evitar-que-la-factura-del-gas-es-dispari-per-la-calefaccio","status":"publish","type":"post","link":"https:\/\/escobarsl.com\/ca\/com-podem-evitar-que-la-factura-del-gas-es-dispari-per-la-calefaccio\/","title":{"rendered":"Com podem evitar que la factura del gas es dispari per la calefacci\u00f3?"},"content":{"rendered":"<p>La calor es resisteix a marxar del tot, per\u00f2 en els \u00faltims anys els voltants de la festa de Tots Sants (o Halloween) acostumen a ser sin\u00f2nim de l\u2019arribada del fred. <strong>\u00c9s imminent i el canvi de temperatura sempre ens porta a engegar la calefacci\u00f3 al m\u00e0xim<\/strong>. Despr\u00e9s quan ens arriba la factura del gas ens posem les mans al cap i per aix\u00f2 des de <strong>Neteges Escobar<\/strong> us oferim una s\u00e8rie de <strong>consells<\/strong> senzills per evitar que la despesa d\u2019energia es dispari:<\/p>\n<p>&#8211; Buscar les <strong>fugues d\u2019energia<\/strong>. Les portes i les finestres poden fer que marxi l\u2019escalfor i hem de tapar-ho per assegurar que tenim a casa la temperatura que volem.<\/p>\n<p>&#8211; No posar la calefacci\u00f3 al m\u00e0xim. Hi ha tend\u00e8ncia quan entrem a casa i fa fred a posar els aparells al m\u00e0xim per buscar un escalfament r\u00e0pid per m\u00e9s tard baixar-ho. Aix\u00f2 comporta una despesa extra d\u2019energia. La temperatura ideal per caldejar la llar \u00e9s <strong>entre 19 i 21 graus i cada grau que ho pugem pot suposar fins a un 7% m\u00e9s de despesa<\/strong>. A m\u00e9s, a partir dels 23 graus es resseca l\u2019aire i genera una sensaci\u00f3 inc\u00f2mode.<\/p>\n<p>&#8211; Els <strong>radiadors no s\u00f3n assecadores<\/strong>. El recurs de posar la roba mullada damunt dels aparells fan que la calefacci\u00f3 hagi de fer un esfor\u00e7 extra i el consum pugi. \u00c9s com tenir les finestres obertes. I deixa un ambient d\u2019humitat poc saludable! Tampoc s\u2019han de cobrir per q\u00fcestions est\u00e8tiques.<\/p>\n<p>&#8211; <strong>Purgar els radiadors<\/strong>. Com a m\u00ednim un cop l\u2019any perqu\u00e8 si l\u2019aigua no hi circula com toca la casa no s\u2019escalfar\u00e0 b\u00e9 i obligar\u00e0 els altres radiadors a fer un esfor\u00e7 extra per compensar-ho, amb el conseq\u00fcent augment d\u2019energia.<\/p>\n<p>&#8211; <strong>Ventilaci\u00f3 m\u00ednima<\/strong>. Obrir la finestra per ventilar una habitaci\u00f3 sovint \u00e9s necessari, per\u00f2 <strong>n\u2019hi ha prou amb deu minuts<\/strong> per tenir l\u2019efecte desitjat. Si a sobre ho podem fer en hores de sol evitarem que s\u2019escapi l\u2019escalfor.<\/p>\n<p>&#8211; Utilitzar un <strong>term\u00f2stat<\/strong>. Ens ajudar\u00e0 a controlar la temperatura de la casa en tot moment i si \u00e9s programable, molt millor. Recordeu que s\u2019ha de situar a un metre i mig de terra i allunyat de corrents d\u2019aire.<\/p>\n<p>&#8211; Aprofitar la llum del dia. <strong>L\u2019escalfor natural pot ser un gran aliat<\/strong> per estalviar. Cal copiar en aix\u00f2 els pa\u00efsos del nord d\u2019Europa i si es pot durant les hores de sol tenir cortines i persianes amunt.<\/p>\n<p>&#8211; <strong>Adaptar la calefacci\u00f3 als teus horaris<\/strong>: si no ets a casa, apaga-la, i si tens habitacions que no es facin servir, tanca els radiadors. Cada cop tenim m\u00e9s opcions per disposar d\u2019una calefacci\u00f3 programable i cal aprofitar-ho per encendre-la nom\u00e9s quan sigui necessari.<\/p>\n<p>&#8211; La temperatura de la <strong>caldera<\/strong>. T\u00e9 una temperatura interna i <strong>es recomana que estigui a 70 graus<\/strong> per reduir les p\u00e8rdues d\u2019energia i les taques a la paret.<\/p>\n<p>&nbsp;<\/p>\n<p>Des de Neteges Escobar confiem que els consells us puguin ser \u00fatils i recordeu que si us trobeu amb qualsevol dels problemes habituals d\u2019aquesta \u00e8poca com una canonada rebentada o un embussament <a href=\"https:\/\/escobarsl.com\/contacto\/\" target=\"_blank\" rel=\"noopener noreferrer\">us podeu posar en contacte amb nosaltres<\/a> i us ho resoldrem r\u00e0pidament.<\/p>\n","protected":false},"excerpt":{"rendered":"<p>La calor es resisteix a marxar del tot, per\u00f2 en els \u00faltims anys els voltants de la festa de Tots Sants (o Halloween) acostumen a ser sin\u00f2nim de l\u2019arribada del fred. \u00c9s imminent i el canvi de temperatura sempre ens&#8230;<\/p>\n","protected":false},"author":3,"featured_media":5448,"comment_status":"open","ping_status":"open","sticky":false,"template":"","format":"standard","meta":{"footnotes":""},"categories":[1],"tags":[],"class_list":["post-5897","post","type-post","status-publish","format-standard","has-post-thumbnail","hentry","category-sin-categorizar"],"yoast_head":"<!-- This site is optimized with the Yoast SEO plugin v26.8 - https:\/\/yoast.com\/product\/yoast-seo-wordpress\/ -->\n<title>Com podem evitar que la factura del gas es dispari per la calefacci\u00f3? - Escobar SL<\/title>\n<meta name=\"robots\" content=\"index, follow, max-snippet:-1, max-image-preview:large, max-video-preview:-1\" \/>\n<link rel=\"canonical\" href=\"https:\/\/escobarsl.com\/ca\/com-podem-evitar-que-la-factura-del-gas-es-dispari-per-la-calefaccio\/\" \/>\n<meta property=\"og:locale\" content=\"ca_ES\" \/>\n<meta property=\"og:type\" content=\"article\" \/>\n<meta property=\"og:title\" content=\"Com podem evitar que la factura del gas es dispari per la calefacci\u00f3? - Escobar SL\" \/>\n<meta property=\"og:description\" content=\"La calor es resisteix a marxar del tot, per\u00f2 en els \u00faltims anys els voltants de la festa de Tots Sants (o Halloween) acostumen a ser sin\u00f2nim de l\u2019arribada del fred. \u00c9s imminent i el canvi de temperatura sempre ens...\" \/>\n<meta property=\"og:url\" content=\"https:\/\/escobarsl.com\/ca\/com-podem-evitar-que-la-factura-del-gas-es-dispari-per-la-calefaccio\/\" \/>\n<meta property=\"og:site_name\" content=\"Escobar SL\" \/>\n<meta property=\"article:published_time\" content=\"2020-10-22T14:53:07+00:00\" \/>\n<meta property=\"og:image\" content=\"https:\/\/escobarsl.com\/wp-content\/uploads\/2020\/10\/escobar.jpg\" \/>\n\t<meta property=\"og:image:width\" content=\"800\" \/>\n\t<meta property=\"og:image:height\" content=\"600\" \/>\n\t<meta property=\"og:image:type\" content=\"image\/jpeg\" \/>\n<meta name=\"author\" content=\"Jordi Colom\u00e9\" \/>\n<meta name=\"twitter:card\" content=\"summary_large_image\" \/>\n<meta name=\"twitter:label1\" content=\"Escrit per\" \/>\n\t<meta name=\"twitter:data1\" content=\"Jordi Colom\u00e9\" \/>\n\t<meta name=\"twitter:label2\" content=\"Temps estimat de lectura\" \/>\n\t<meta name=\"twitter:data2\" content=\"3 minuts\" \/>\n<script type=\"application\/ld+json\" class=\"yoast-schema-graph\">{\"@context\":\"https:\/\/schema.org\",\"@graph\":[{\"@type\":\"Article\",\"@id\":\"https:\/\/escobarsl.com\/ca\/com-podem-evitar-que-la-factura-del-gas-es-dispari-per-la-calefaccio\/#article\",\"isPartOf\":{\"@id\":\"https:\/\/escobarsl.com\/ca\/com-podem-evitar-que-la-factura-del-gas-es-dispari-per-la-calefaccio\/\"},\"author\":{\"name\":\"Jordi Colom\u00e9\",\"@id\":\"https:\/\/escobarsl.com\/ca\/#\/schema\/person\/afb4b37b62767fda9d5dbcdde74c18de\"},\"headline\":\"Com podem evitar que la factura del gas es dispari per la calefacci\u00f3?\",\"datePublished\":\"2020-10-22T14:53:07+00:00\",\"mainEntityOfPage\":{\"@id\":\"https:\/\/escobarsl.com\/ca\/com-podem-evitar-que-la-factura-del-gas-es-dispari-per-la-calefaccio\/\"},\"wordCount\":571,\"commentCount\":0,\"image\":{\"@id\":\"https:\/\/escobarsl.com\/ca\/com-podem-evitar-que-la-factura-del-gas-es-dispari-per-la-calefaccio\/#primaryimage\"},\"thumbnailUrl\":\"https:\/\/escobarsl.com\/wp-content\/uploads\/2020\/10\/escobar.jpg\",\"articleSection\":[\"Sin categorizar\"],\"inLanguage\":\"ca\",\"potentialAction\":[{\"@type\":\"CommentAction\",\"name\":\"Comment\",\"target\":[\"https:\/\/escobarsl.com\/ca\/com-podem-evitar-que-la-factura-del-gas-es-dispari-per-la-calefaccio\/#respond\"]}]},{\"@type\":\"WebPage\",\"@id\":\"https:\/\/escobarsl.com\/ca\/com-podem-evitar-que-la-factura-del-gas-es-dispari-per-la-calefaccio\/\",\"url\":\"https:\/\/escobarsl.com\/ca\/com-podem-evitar-que-la-factura-del-gas-es-dispari-per-la-calefaccio\/\",\"name\":\"Com podem evitar que la factura del gas es dispari per la calefacci\u00f3? - Escobar SL\",\"isPartOf\":{\"@id\":\"https:\/\/escobarsl.com\/ca\/#website\"},\"primaryImageOfPage\":{\"@id\":\"https:\/\/escobarsl.com\/ca\/com-podem-evitar-que-la-factura-del-gas-es-dispari-per-la-calefaccio\/#primaryimage\"},\"image\":{\"@id\":\"https:\/\/escobarsl.com\/ca\/com-podem-evitar-que-la-factura-del-gas-es-dispari-per-la-calefaccio\/#primaryimage\"},\"thumbnailUrl\":\"https:\/\/escobarsl.com\/wp-content\/uploads\/2020\/10\/escobar.jpg\",\"datePublished\":\"2020-10-22T14:53:07+00:00\",\"author\":{\"@id\":\"https:\/\/escobarsl.com\/ca\/#\/schema\/person\/afb4b37b62767fda9d5dbcdde74c18de\"},\"breadcrumb\":{\"@id\":\"https:\/\/escobarsl.com\/ca\/com-podem-evitar-que-la-factura-del-gas-es-dispari-per-la-calefaccio\/#breadcrumb\"},\"inLanguage\":\"ca\",\"potentialAction\":[{\"@type\":\"ReadAction\",\"target\":[\"https:\/\/escobarsl.com\/ca\/com-podem-evitar-que-la-factura-del-gas-es-dispari-per-la-calefaccio\/\"]}]},{\"@type\":\"ImageObject\",\"inLanguage\":\"ca\",\"@id\":\"https:\/\/escobarsl.com\/ca\/com-podem-evitar-que-la-factura-del-gas-es-dispari-per-la-calefaccio\/#primaryimage\",\"url\":\"https:\/\/escobarsl.com\/wp-content\/uploads\/2020\/10\/escobar.jpg\",\"contentUrl\":\"https:\/\/escobarsl.com\/wp-content\/uploads\/2020\/10\/escobar.jpg\",\"width\":800,\"height\":600},{\"@type\":\"BreadcrumbList\",\"@id\":\"https:\/\/escobarsl.com\/ca\/com-podem-evitar-que-la-factura-del-gas-es-dispari-per-la-calefaccio\/#breadcrumb\",\"itemListElement\":[{\"@type\":\"ListItem\",\"position\":1,\"name\":\"Portada\",\"item\":\"https:\/\/escobarsl.com\/ca\/\"},{\"@type\":\"ListItem\",\"position\":2,\"name\":\"Com podem evitar que la factura del gas es dispari per la calefacci\u00f3?\"}]},{\"@type\":\"WebSite\",\"@id\":\"https:\/\/escobarsl.com\/ca\/#website\",\"url\":\"https:\/\/escobarsl.com\/ca\/\",\"name\":\"Escobar SL\",\"description\":\"Neteges Escobar\",\"potentialAction\":[{\"@type\":\"SearchAction\",\"target\":{\"@type\":\"EntryPoint\",\"urlTemplate\":\"https:\/\/escobarsl.com\/ca\/?s={search_term_string}\"},\"query-input\":{\"@type\":\"PropertyValueSpecification\",\"valueRequired\":true,\"valueName\":\"search_term_string\"}}],\"inLanguage\":\"ca\"},{\"@type\":\"Person\",\"@id\":\"https:\/\/escobarsl.com\/ca\/#\/schema\/person\/afb4b37b62767fda9d5dbcdde74c18de\",\"name\":\"Jordi Colom\u00e9\",\"image\":{\"@type\":\"ImageObject\",\"inLanguage\":\"ca\",\"@id\":\"https:\/\/escobarsl.com\/ca\/#\/schema\/person\/image\/\",\"url\":\"https:\/\/secure.gravatar.com\/avatar\/75ac267d5a4d3b8b8214d95896980259413009231ca38b19da7cac278c674114?s=96&d=mm&r=g\",\"contentUrl\":\"https:\/\/secure.gravatar.com\/avatar\/75ac267d5a4d3b8b8214d95896980259413009231ca38b19da7cac278c674114?s=96&d=mm&r=g\",\"caption\":\"Jordi Colom\u00e9\"},\"url\":\"https:\/\/escobarsl.com\/ca\/author\/jcolomemarficom-com\/\"}]}<\/script>\n<!-- \/ Yoast SEO plugin. -->","yoast_head_json":{"title":"Com podem evitar que la factura del gas es dispari per la calefacci\u00f3? - Escobar SL","robots":{"index":"index","follow":"follow","max-snippet":"max-snippet:-1","max-image-preview":"max-image-preview:large","max-video-preview":"max-video-preview:-1"},"canonical":"https:\/\/escobarsl.com\/ca\/com-podem-evitar-que-la-factura-del-gas-es-dispari-per-la-calefaccio\/","og_locale":"ca_ES","og_type":"article","og_title":"Com podem evitar que la factura del gas es dispari per la calefacci\u00f3? - Escobar SL","og_description":"La calor es resisteix a marxar del tot, per\u00f2 en els \u00faltims anys els voltants de la festa de Tots Sants (o Halloween) acostumen a ser sin\u00f2nim de l\u2019arribada del fred. \u00c9s imminent i el canvi de temperatura sempre ens...","og_url":"https:\/\/escobarsl.com\/ca\/com-podem-evitar-que-la-factura-del-gas-es-dispari-per-la-calefaccio\/","og_site_name":"Escobar SL","article_published_time":"2020-10-22T14:53:07+00:00","og_image":[{"width":800,"height":600,"url":"https:\/\/escobarsl.com\/wp-content\/uploads\/2020\/10\/escobar.jpg","type":"image\/jpeg"}],"author":"Jordi Colom\u00e9","twitter_card":"summary_large_image","twitter_misc":{"Escrit per":"Jordi Colom\u00e9","Temps estimat de lectura":"3 minuts"},"schema":{"@context":"https:\/\/schema.org","@graph":[{"@type":"Article","@id":"https:\/\/escobarsl.com\/ca\/com-podem-evitar-que-la-factura-del-gas-es-dispari-per-la-calefaccio\/#article","isPartOf":{"@id":"https:\/\/escobarsl.com\/ca\/com-podem-evitar-que-la-factura-del-gas-es-dispari-per-la-calefaccio\/"},"author":{"name":"Jordi Colom\u00e9","@id":"https:\/\/escobarsl.com\/ca\/#\/schema\/person\/afb4b37b62767fda9d5dbcdde74c18de"},"headline":"Com podem evitar que la factura del gas es dispari per la calefacci\u00f3?","datePublished":"2020-10-22T14:53:07+00:00","mainEntityOfPage":{"@id":"https:\/\/escobarsl.com\/ca\/com-podem-evitar-que-la-factura-del-gas-es-dispari-per-la-calefaccio\/"},"wordCount":571,"commentCount":0,"image":{"@id":"https:\/\/escobarsl.com\/ca\/com-podem-evitar-que-la-factura-del-gas-es-dispari-per-la-calefaccio\/#primaryimage"},"thumbnailUrl":"https:\/\/escobarsl.com\/wp-content\/uploads\/2020\/10\/escobar.jpg","articleSection":["Sin categorizar"],"inLanguage":"ca","potentialAction":[{"@type":"CommentAction","name":"Comment","target":["https:\/\/escobarsl.com\/ca\/com-podem-evitar-que-la-factura-del-gas-es-dispari-per-la-calefaccio\/#respond"]}]},{"@type":"WebPage","@id":"https:\/\/escobarsl.com\/ca\/com-podem-evitar-que-la-factura-del-gas-es-dispari-per-la-calefaccio\/","url":"https:\/\/escobarsl.com\/ca\/com-podem-evitar-que-la-factura-del-gas-es-dispari-per-la-calefaccio\/","name":"Com podem evitar que la factura del gas es dispari per la calefacci\u00f3? - Escobar SL","isPartOf":{"@id":"https:\/\/escobarsl.com\/ca\/#website"},"primaryImageOfPage":{"@id":"https:\/\/escobarsl.com\/ca\/com-podem-evitar-que-la-factura-del-gas-es-dispari-per-la-calefaccio\/#primaryimage"},"image":{"@id":"https:\/\/escobarsl.com\/ca\/com-podem-evitar-que-la-factura-del-gas-es-dispari-per-la-calefaccio\/#primaryimage"},"thumbnailUrl":"https:\/\/escobarsl.com\/wp-content\/uploads\/2020\/10\/escobar.jpg","datePublished":"2020-10-22T14:53:07+00:00","author":{"@id":"https:\/\/escobarsl.com\/ca\/#\/schema\/person\/afb4b37b62767fda9d5dbcdde74c18de"},"breadcrumb":{"@id":"https:\/\/escobarsl.com\/ca\/com-podem-evitar-que-la-factura-del-gas-es-dispari-per-la-calefaccio\/#breadcrumb"},"inLanguage":"ca","potentialAction":[{"@type":"ReadAction","target":["https:\/\/escobarsl.com\/ca\/com-podem-evitar-que-la-factura-del-gas-es-dispari-per-la-calefaccio\/"]}]},{"@type":"ImageObject","inLanguage":"ca","@id":"https:\/\/escobarsl.com\/ca\/com-podem-evitar-que-la-factura-del-gas-es-dispari-per-la-calefaccio\/#primaryimage","url":"https:\/\/escobarsl.com\/wp-content\/uploads\/2020\/10\/escobar.jpg","contentUrl":"https:\/\/escobarsl.com\/wp-content\/uploads\/2020\/10\/escobar.jpg","width":800,"height":600},{"@type":"BreadcrumbList","@id":"https:\/\/escobarsl.com\/ca\/com-podem-evitar-que-la-factura-del-gas-es-dispari-per-la-calefaccio\/#breadcrumb","itemListElement":[{"@type":"ListItem","position":1,"name":"Portada","item":"https:\/\/escobarsl.com\/ca\/"},{"@type":"ListItem","position":2,"name":"Com podem evitar que la factura del gas es dispari per la calefacci\u00f3?"}]},{"@type":"WebSite","@id":"https:\/\/escobarsl.com\/ca\/#website","url":"https:\/\/escobarsl.com\/ca\/","name":"Escobar SL","description":"Neteges Escobar","potentialAction":[{"@type":"SearchAction","target":{"@type":"EntryPoint","urlTemplate":"https:\/\/escobarsl.com\/ca\/?s={search_term_string}"},"query-input":{"@type":"PropertyValueSpecification","valueRequired":true,"valueName":"search_term_string"}}],"inLanguage":"ca"},{"@type":"Person","@id":"https:\/\/escobarsl.com\/ca\/#\/schema\/person\/afb4b37b62767fda9d5dbcdde74c18de","name":"Jordi Colom\u00e9","image":{"@type":"ImageObject","inLanguage":"ca","@id":"https:\/\/escobarsl.com\/ca\/#\/schema\/person\/image\/","url":"https:\/\/secure.gravatar.com\/avatar\/75ac267d5a4d3b8b8214d95896980259413009231ca38b19da7cac278c674114?s=96&d=mm&r=g","contentUrl":"https:\/\/secure.gravatar.com\/avatar\/75ac267d5a4d3b8b8214d95896980259413009231ca38b19da7cac278c674114?s=96&d=mm&r=g","caption":"Jordi Colom\u00e9"},"url":"https:\/\/escobarsl.com\/ca\/author\/jcolomemarficom-com\/"}]}},"_links":{"self":[{"href":"https:\/\/escobarsl.com\/ca\/wp-json\/wp\/v2\/posts\/5897","targetHints":{"allow":["GET"]}}],"collection":[{"href":"https:\/\/escobarsl.com\/ca\/wp-json\/wp\/v2\/posts"}],"about":[{"href":"https:\/\/escobarsl.com\/ca\/wp-json\/wp\/v2\/types\/post"}],"author":[{"embeddable":true,"href":"https:\/\/escobarsl.com\/ca\/wp-json\/wp\/v2\/users\/3"}],"replies":[{"embeddable":true,"href":"https:\/\/escobarsl.com\/ca\/wp-json\/wp\/v2\/comments?post=5897"}],"version-history":[{"count":0,"href":"https:\/\/escobarsl.com\/ca\/wp-json\/wp\/v2\/posts\/5897\/revisions"}],"wp:featuredmedia":[{"embeddable":true,"href":"https:\/\/escobarsl.com\/ca\/wp-json\/wp\/v2\/media\/5448"}],"wp:attachment":[{"href":"https:\/\/escobarsl.com\/ca\/wp-json\/wp\/v2\/media?parent=5897"}],"wp:term":[{"taxonomy":"category","embeddable":true,"href":"https:\/\/escobarsl.com\/ca\/wp-json\/wp\/v2\/categories?post=5897"},{"taxonomy":"post_tag","embeddable":true,"href":"https:\/\/escobarsl.com\/ca\/wp-json\/wp\/v2\/tags?post=5897"}],"curies":[{"name":"wp","href":"https:\/\/api.w.org\/{rel}","templated":true}]}}